{"id":54,"date":"2020-02-10T08:37:32","date_gmt":"2020-02-10T08:37:32","guid":{"rendered":"http:\/\/craalbeos.catedu.es\/albalate\/?p=54"},"modified":"2020-02-21T09:07:34","modified_gmt":"2020-02-21T09:07:34","slug":"dia-internacional-de-la-paz-y-la-no-violencia","status":"publish","type":"post","link":"https:\/\/craalbeos.catedu.es\/albalate\/2020\/02\/10\/dia-internacional-de-la-paz-y-la-no-violencia\/","title":{"rendered":"D\u00eda internacional de la paz y la no violencia"},"content":{"rendered":"\n<p> <br>El pasado jueves 30 de enero, aniversario de la muerte de Mahatma Gandhi, celebramos el d\u00eda internacional de la paz y la no violencia. <\/p>\n\n\n\n<p>Primero, expusimos los cuatro Superh\u00e9roes de la paz que hab\u00edamos creado, explicando cu\u00e1les eran sus superpoderes y sus objetivos por el bien com\u00fan. <\/p>\n\n\n\n<div class=\"wp-block-group\"><div class=\"wp-block-group__inner-container is-layout-flow wp-block-group-is-layout-flow\">\n<figure class=\"wp-block-image size-large is-resized\"><img loading=\"lazy\" decoding=\"async\" src=\"https:\/\/craalbeos.catedu.es\/albalate\/wp-content\/uploads\/sites\/3\/2020\/01\/IMG-20200130-WA0018-768x1024.jpg\" alt=\"\" class=\"wp-image-55\" width=\"286\" height=\"382\" srcset=\"https:\/\/craalbeos.catedu.es\/albalate\/wp-content\/uploads\/sites\/3\/2020\/01\/IMG-20200130-WA0018-768x1024.jpg 768w, https:\/\/craalbeos.catedu.es\/albalate\/wp-content\/uploads\/sites\/3\/2020\/01\/IMG-20200130-WA0018-225x300.jpg 225w, https:\/\/craalbeos.catedu.es\/albalate\/wp-content\/uploads\/sites\/3\/2020\/01\/IMG-20200130-WA0018-1152x1536.jpg 1152w, https:\/\/craalbeos.catedu.es\/albalate\/wp-content\/uploads\/sites\/3\/2020\/01\/IMG-20200130-WA0018.jpg 1200w\" sizes=\"auto, (max-width: 286px) 85vw, 286px\" \/><\/figure>\n<\/div><\/div>\n\n\n\n<div class=\"wp-block-group\"><div class=\"wp-block-group__inner-container is-layout-flow wp-block-group-is-layout-flow\">\n<div class=\"wp-block-image\"><figure class=\"alignright size-large is-resized\"><img loading=\"lazy\" decoding=\"async\" src=\"https:\/\/craalbeos.catedu.es\/albalate\/wp-content\/uploads\/sites\/3\/2020\/01\/IMG-20200130-WA0017-768x1024.jpg\" alt=\"\" class=\"wp-image-56\" width=\"301\" height=\"401\" srcset=\"https:\/\/craalbeos.catedu.es\/albalate\/wp-content\/uploads\/sites\/3\/2020\/01\/IMG-20200130-WA0017-768x1024.jpg 768w, https:\/\/craalbeos.catedu.es\/albalate\/wp-content\/uploads\/sites\/3\/2020\/01\/IMG-20200130-WA0017-225x300.jpg 225w, https:\/\/craalbeos.catedu.es\/albalate\/wp-content\/uploads\/sites\/3\/2020\/01\/IMG-20200130-WA0017-1152x1536.jpg 1152w, https:\/\/craalbeos.catedu.es\/albalate\/wp-content\/uploads\/sites\/3\/2020\/01\/IMG-20200130-WA0017.jpg 1200w\" sizes=\"auto, (max-width: 301px) 85vw, 301px\" \/><\/figure><\/div>\n\n\n\n<figure class=\"wp-block-image size-large is-resized\"><img loading=\"lazy\" decoding=\"async\" src=\"https:\/\/craalbeos.catedu.es\/albalate\/wp-content\/uploads\/sites\/3\/2020\/01\/IMG-20200130-WA0019-768x1024.jpg\" alt=\"\" class=\"wp-image-57\" width=\"305\" height=\"406\" srcset=\"https:\/\/craalbeos.catedu.es\/albalate\/wp-content\/uploads\/sites\/3\/2020\/01\/IMG-20200130-WA0019-768x1024.jpg 768w, https:\/\/craalbeos.catedu.es\/albalate\/wp-content\/uploads\/sites\/3\/2020\/01\/IMG-20200130-WA0019-225x300.jpg 225w, https:\/\/craalbeos.catedu.es\/albalate\/wp-content\/uploads\/sites\/3\/2020\/01\/IMG-20200130-WA0019-1152x1536.jpg 1152w, https:\/\/craalbeos.catedu.es\/albalate\/wp-content\/uploads\/sites\/3\/2020\/01\/IMG-20200130-WA0019.jpg 1200w\" sizes=\"auto, (max-width: 305px) 85vw, 305px\" \/><\/figure>\n\n\n\n<div class=\"wp-block-image\"><figure class=\"alignright size-large is-resized\"><img loading=\"lazy\" decoding=\"async\" src=\"https:\/\/craalbeos.catedu.es\/albalate\/wp-content\/uploads\/sites\/3\/2020\/01\/IMG-20200130-WA0020-768x1024.jpg\" alt=\"\" class=\"wp-image-58\" width=\"290\" height=\"386\" srcset=\"https:\/\/craalbeos.catedu.es\/albalate\/wp-content\/uploads\/sites\/3\/2020\/01\/IMG-20200130-WA0020-768x1024.jpg 768w, https:\/\/craalbeos.catedu.es\/albalate\/wp-content\/uploads\/sites\/3\/2020\/01\/IMG-20200130-WA0020-225x300.jpg 225w, https:\/\/craalbeos.catedu.es\/albalate\/wp-content\/uploads\/sites\/3\/2020\/01\/IMG-20200130-WA0020-1152x1536.jpg 1152w, https:\/\/craalbeos.catedu.es\/albalate\/wp-content\/uploads\/sites\/3\/2020\/01\/IMG-20200130-WA0020.jpg 1200w\" sizes=\"auto, (max-width: 290px) 85vw, 290px\" \/><\/figure><\/div>\n<\/div><\/div>\n\n\n\n<p><\/p>\n\n\n\n<p> Despu\u00e9s todos juntos bailamos la canci\u00f3n  \u00abDe ellos aprend\u00ed\u00bb de David Rees<\/p>\n\n\n\n<figure class=\"wp-block-embed-youtube wp-block-embed is-type-video is-provider-youtube wp-embed-aspect-16-9 wp-has-aspect-ratio\"><div class=\"wp-block-embed__wrapper\">\n<iframe loading=\"lazy\" title=\"Baile Colegio de Albalate D\u00eda de la paz 2020\" width=\"840\" height=\"473\" src=\"https:\/\/www.youtube.com\/embed\/1o2FinBvG_0?feature=oembed\" frameborder=\"0\" allow=\"accelerometer; autoplay; encrypted-media; gyroscope; picture-in-picture\" allowfullscreen><\/iframe>\n<\/div><\/figure>\n","protected":false},"excerpt":{"rendered":"<p>El pasado jueves 30 de enero, aniversario de la muerte de Mahatma Gandhi, celebramos el d\u00eda internacional de la paz y la no violencia. Primero, expusimos los cuatro Superh\u00e9roes de la paz que hab\u00edamos creado, explicando cu\u00e1les eran sus superpoderes y sus objetivos por el bien com\u00fan. Despu\u00e9s todos juntos bailamos la canci\u00f3n \u00abDe ellos &hellip; <a href=\"https:\/\/craalbeos.catedu.es\/albalate\/2020\/02\/10\/dia-internacional-de-la-paz-y-la-no-violencia\/\" class=\"more-link\">Continuar leyendo<span class=\"screen-reader-text\"> \u00abD\u00eda internacional de la paz y la no violencia\u00bb<\/span><\/a><\/p>\n","protected":false},"author":1,"featured_media":0,"comment_status":"open","ping_status":"open","sticky":false,"template":"","format":"standard","meta":{"footnotes":""},"categories":[1],"tags":[],"class_list":["post-54","post","type-post","status-publish","format-standard","hentry","category-sin-categoria"],"_links":{"self":[{"href":"https:\/\/craalbeos.catedu.es\/albalate\/wp-json\/wp\/v2\/posts\/54","targetHints":{"allow":["GET"]}}],"collection":[{"href":"https:\/\/craalbeos.catedu.es\/albalate\/wp-json\/wp\/v2\/posts"}],"about":[{"href":"https:\/\/craalbeos.catedu.es\/albalate\/wp-json\/wp\/v2\/types\/post"}],"author":[{"embeddable":true,"href":"https:\/\/craalbeos.catedu.es\/albalate\/wp-json\/wp\/v2\/users\/1"}],"replies":[{"embeddable":true,"href":"https:\/\/craalbeos.catedu.es\/albalate\/wp-json\/wp\/v2\/comments?post=54"}],"version-history":[{"count":4,"href":"https:\/\/craalbeos.catedu.es\/albalate\/wp-json\/wp\/v2\/posts\/54\/revisions"}],"predecessor-version":[{"id":75,"href":"https:\/\/craalbeos.catedu.es\/albalate\/wp-json\/wp\/v2\/posts\/54\/revisions\/75"}],"wp:attachment":[{"href":"https:\/\/craalbeos.catedu.es\/albalate\/wp-json\/wp\/v2\/media?parent=54"}],"wp:term":[{"taxonomy":"category","embeddable":true,"href":"https:\/\/craalbeos.catedu.es\/albalate\/wp-json\/wp\/v2\/categories?post=54"},{"taxonomy":"post_tag","embeddable":true,"href":"https:\/\/craalbeos.catedu.es\/albalate\/wp-json\/wp\/v2\/tags?post=54"}],"curies":[{"name":"wp","href":"https:\/\/api.w.org\/{rel}","templated":true}]}}