{"id":296,"date":"2020-02-11T08:47:32","date_gmt":"2020-02-11T08:47:32","guid":{"rendered":"http:\/\/craalbeos.catedu.es\/belver\/?p=296"},"modified":"2020-02-11T08:47:32","modified_gmt":"2020-02-11T08:47:32","slug":"fete-de-la-chandeleur","status":"publish","type":"post","link":"https:\/\/craalbeos.catedu.es\/belver\/2020\/02\/11\/fete-de-la-chandeleur\/","title":{"rendered":"F\u00eate de la Chandeleur"},"content":{"rendered":"\n<p>La semana pasada los alumnos y alumnas de quinto y sexto celebraron la Chandeleur, fiesta relevante dentro de la cultura popular  francesa y que se suele celebrar cocinando y comiendo cr\u00eapes. <\/p>\n\n\n\n<p>Hablamos de la Chandeleur, de sus or\u00edgenes y de su relaci\u00f3n con los cr\u00eapes. Tambi\u00e9n aprendimos acerca de los ingredientes y de la receta de este delicioso manjar.  <\/p>\n\n\n\n<figure class=\"wp-block-image size-large\"><img loading=\"lazy\" decoding=\"async\" width=\"768\" height=\"1024\" src=\"https:\/\/craalbeos.catedu.es\/belver\/wp-content\/uploads\/sites\/4\/2020\/02\/IMG_20200206_154847-768x1024.jpg\" alt=\"\" class=\"wp-image-297\" srcset=\"https:\/\/craalbeos.catedu.es\/belver\/wp-content\/uploads\/sites\/4\/2020\/02\/IMG_20200206_154847-768x1024.jpg 768w, https:\/\/craalbeos.catedu.es\/belver\/wp-content\/uploads\/sites\/4\/2020\/02\/IMG_20200206_154847-225x300.jpg 225w, https:\/\/craalbeos.catedu.es\/belver\/wp-content\/uploads\/sites\/4\/2020\/02\/IMG_20200206_154847-1152x1536.jpg 1152w, https:\/\/craalbeos.catedu.es\/belver\/wp-content\/uploads\/sites\/4\/2020\/02\/IMG_20200206_154847-1536x2048.jpg 1536w, https:\/\/craalbeos.catedu.es\/belver\/wp-content\/uploads\/sites\/4\/2020\/02\/IMG_20200206_154847-1200x1600.jpg 1200w, https:\/\/craalbeos.catedu.es\/belver\/wp-content\/uploads\/sites\/4\/2020\/02\/IMG_20200206_154847-scaled.jpg 1920w\" sizes=\"auto, (max-width: 709px) 85vw, (max-width: 909px) 67vw, (max-width: 984px) 61vw, (max-width: 1362px) 45vw, 600px\" \/><\/figure>\n\n\n\n<figure class=\"wp-block-image size-large\"><img loading=\"lazy\" decoding=\"async\" width=\"1024\" height=\"768\" src=\"https:\/\/craalbeos.catedu.es\/belver\/wp-content\/uploads\/sites\/4\/2020\/02\/IMG_20200206_155028-1024x768.jpg\" alt=\"\" class=\"wp-image-298\" srcset=\"https:\/\/craalbeos.catedu.es\/belver\/wp-content\/uploads\/sites\/4\/2020\/02\/IMG_20200206_155028-1024x768.jpg 1024w, https:\/\/craalbeos.catedu.es\/belver\/wp-content\/uploads\/sites\/4\/2020\/02\/IMG_20200206_155028-300x225.jpg 300w, https:\/\/craalbeos.catedu.es\/belver\/wp-content\/uploads\/sites\/4\/2020\/02\/IMG_20200206_155028-768x576.jpg 768w, https:\/\/craalbeos.catedu.es\/belver\/wp-content\/uploads\/sites\/4\/2020\/02\/IMG_20200206_155028-1536x1152.jpg 1536w, https:\/\/craalbeos.catedu.es\/belver\/wp-content\/uploads\/sites\/4\/2020\/02\/IMG_20200206_155028-2048x1536.jpg 2048w, https:\/\/craalbeos.catedu.es\/belver\/wp-content\/uploads\/sites\/4\/2020\/02\/IMG_20200206_155028-1200x900.jpg 1200w\" sizes=\"auto, (max-width: 709px) 85vw, (max-width: 909px) 67vw, (max-width: 1362px) 62vw, 840px\" \/><\/figure>\n\n\n\n<figure class=\"wp-block-image size-large\"><img loading=\"lazy\" decoding=\"async\" width=\"1024\" height=\"768\" src=\"https:\/\/craalbeos.catedu.es\/belver\/wp-content\/uploads\/sites\/4\/2020\/02\/IMG_20200206_160748-1024x768.jpg\" alt=\"\" class=\"wp-image-299\" srcset=\"https:\/\/craalbeos.catedu.es\/belver\/wp-content\/uploads\/sites\/4\/2020\/02\/IMG_20200206_160748-1024x768.jpg 1024w, https:\/\/craalbeos.catedu.es\/belver\/wp-content\/uploads\/sites\/4\/2020\/02\/IMG_20200206_160748-300x225.jpg 300w, https:\/\/craalbeos.catedu.es\/belver\/wp-content\/uploads\/sites\/4\/2020\/02\/IMG_20200206_160748-768x576.jpg 768w, https:\/\/craalbeos.catedu.es\/belver\/wp-content\/uploads\/sites\/4\/2020\/02\/IMG_20200206_160748-1536x1152.jpg 1536w, https:\/\/craalbeos.catedu.es\/belver\/wp-content\/uploads\/sites\/4\/2020\/02\/IMG_20200206_160748-2048x1536.jpg 2048w, https:\/\/craalbeos.catedu.es\/belver\/wp-content\/uploads\/sites\/4\/2020\/02\/IMG_20200206_160748-1200x900.jpg 1200w\" sizes=\"auto, (max-width: 709px) 85vw, (max-width: 909px) 67vw, (max-width: 1362px) 62vw, 840px\" \/><\/figure>\n\n\n\n<figure class=\"wp-block-image size-large\"><img loading=\"lazy\" decoding=\"async\" width=\"768\" height=\"1024\" src=\"https:\/\/craalbeos.catedu.es\/belver\/wp-content\/uploads\/sites\/4\/2020\/02\/IMG_20200207_112409-768x1024.jpg\" alt=\"\" class=\"wp-image-300\" srcset=\"https:\/\/craalbeos.catedu.es\/belver\/wp-content\/uploads\/sites\/4\/2020\/02\/IMG_20200207_112409-768x1024.jpg 768w, https:\/\/craalbeos.catedu.es\/belver\/wp-content\/uploads\/sites\/4\/2020\/02\/IMG_20200207_112409-225x300.jpg 225w, https:\/\/craalbeos.catedu.es\/belver\/wp-content\/uploads\/sites\/4\/2020\/02\/IMG_20200207_112409-1152x1536.jpg 1152w, https:\/\/craalbeos.catedu.es\/belver\/wp-content\/uploads\/sites\/4\/2020\/02\/IMG_20200207_112409-1536x2048.jpg 1536w, https:\/\/craalbeos.catedu.es\/belver\/wp-content\/uploads\/sites\/4\/2020\/02\/IMG_20200207_112409-1200x1600.jpg 1200w, https:\/\/craalbeos.catedu.es\/belver\/wp-content\/uploads\/sites\/4\/2020\/02\/IMG_20200207_112409-scaled.jpg 1920w\" sizes=\"auto, (max-width: 709px) 85vw, (max-width: 909px) 67vw, (max-width: 984px) 61vw, (max-width: 1362px) 45vw, 600px\" \/><\/figure>\n","protected":false},"excerpt":{"rendered":"<p>La semana pasada los alumnos y alumnas de quinto y sexto celebraron la Chandeleur, fiesta relevante dentro de la cultura popular francesa y que se suele celebrar cocinando y comiendo cr\u00eapes. Hablamos de la Chandeleur, de sus or\u00edgenes y de su relaci\u00f3n con los cr\u00eapes. Tambi\u00e9n aprendimos acerca de los ingredientes y de la receta &hellip; <a href=\"https:\/\/craalbeos.catedu.es\/belver\/2020\/02\/11\/fete-de-la-chandeleur\/\" class=\"more-link\">Continuar leyendo<span class=\"screen-reader-text\"> \u00abF\u00eate de la Chandeleur\u00bb<\/span><\/a><\/p>\n","protected":false},"author":1,"featured_media":0,"comment_status":"open","ping_status":"open","sticky":false,"template":"","format":"standard","meta":{"footnotes":""},"categories":[1],"tags":[],"class_list":["post-296","post","type-post","status-publish","format-standard","hentry","category-sin-categoria"],"_links":{"self":[{"href":"https:\/\/craalbeos.catedu.es\/belver\/wp-json\/wp\/v2\/posts\/296","targetHints":{"allow":["GET"]}}],"collection":[{"href":"https:\/\/craalbeos.catedu.es\/belver\/wp-json\/wp\/v2\/posts"}],"about":[{"href":"https:\/\/craalbeos.catedu.es\/belver\/wp-json\/wp\/v2\/types\/post"}],"author":[{"embeddable":true,"href":"https:\/\/craalbeos.catedu.es\/belver\/wp-json\/wp\/v2\/users\/1"}],"replies":[{"embeddable":true,"href":"https:\/\/craalbeos.catedu.es\/belver\/wp-json\/wp\/v2\/comments?post=296"}],"version-history":[{"count":1,"href":"https:\/\/craalbeos.catedu.es\/belver\/wp-json\/wp\/v2\/posts\/296\/revisions"}],"predecessor-version":[{"id":301,"href":"https:\/\/craalbeos.catedu.es\/belver\/wp-json\/wp\/v2\/posts\/296\/revisions\/301"}],"wp:attachment":[{"href":"https:\/\/craalbeos.catedu.es\/belver\/wp-json\/wp\/v2\/media?parent=296"}],"wp:term":[{"taxonomy":"category","embeddable":true,"href":"https:\/\/craalbeos.catedu.es\/belver\/wp-json\/wp\/v2\/categories?post=296"},{"taxonomy":"post_tag","embeddable":true,"href":"https:\/\/craalbeos.catedu.es\/belver\/wp-json\/wp\/v2\/tags?post=296"}],"curies":[{"name":"wp","href":"https:\/\/api.w.org\/{rel}","templated":true}]}}